{"id":996,"date":"2021-07-06T21:19:15","date_gmt":"2021-07-06T21:19:15","guid":{"rendered":"http:\/\/perfecttraveltoday.com\/?p=996"},"modified":"2026-03-19T15:32:56","modified_gmt":"2026-03-19T22:32:56","slug":"portugal-celebrates-welcoming-back-travelers-u-s-4th-july-lighting-historic-landmarks-red-white-blue","status":"publish","type":"post","link":"https:\/\/perfecttraveltoday.com\/?p=996","title":{"rendered":"PORTUGAL CELEBRATES WELCOMING BACK TRAVELERS FROM THE U.S. WITH 4TH OF JULY LIGHTING OF HISTORIC LANDMARKS IN RED, WHITE AND BLUE"},"content":{"rendered":"<table width=\"1629\">\n<tbody>\n<tr>\n<td width=\"15\"><\/td>\n<td width=\"1600\"><strong>New York, NY \u2013 July 4, 2021<\/strong>\u00a0\u2013 After 15 months, Portugal is once again open to visitors from US and, this weekend, the country is celebrating their return along with the July 4 Independence Day holiday by lighting eight of its historic landmarks in red, white and blue:<strong>Lisbon:<\/strong>\u00a0the statue of D. Jos\u00e9 I, located in\u00a0<a href=\"https:\/\/u7061146.ct.sendgrid.net\/ls\/click?upn=4tNED-2FM8iDZJQyQ53jATUXal4u-2FRwOrv-2BaPGsBm06mQc1cDFyX9FXLyChtYbEZoE5vhIVbnPrbJJnYhGzpKhVl4Mw5L1RExrsr-2B92C3WF49RsDGibXHMBGaAtrQHDVeAFMzn_WB9KxN9YT20BMzPVmbVwyrXougJ6j3r5V6Bpvlhxze6cmFiHM-2BWVsxehcopcCr-2FBDxHkW0P7YQeFX-2FOF-2BBZ-2Bzlbhlg16S8doH9fjCKT5Dnk4ZNphvOHPrCXDokHTqdPSa74IjBbtHo8rroZdTiGWlK4wsX8AYwyiU7RzbQIwLOzckLUf7tcZJ1Km4DTqml5NpsRRpbAkQHwyRZFeUiShGtVziIbfYHZftwT1VcorHrljjRJXeUSPKqRhc5AkdnhOCk4UT-2B73EHvqtbAsDCicuh4T-2FRCyQ-2FBvj9dqwH44N45qBzLRoznkujQUOlyYH8-2Fw9bY6uAy48G0qtvz8BMy8Rua3mM4viQBPuZlhuNZ7JtM-3D\">Pra\u00e7a do Com\u00e9rcio<\/a>\u00a0\u2013 Lisbon\u2019s most beautiful square.<\/p>\n<p><a href=\"https:\/\/perfecttraveltoday.com\/wp-content\/uploads\/2021\/07\/praca1.jpg\"><img loading=\"lazy\" decoding=\"async\" class=\"alignnone  wp-image-1000\" src=\"https:\/\/perfecttraveltoday.com\/wp-content\/uploads\/2021\/07\/praca1-300x168.jpg\" alt=\"\" width=\"396\" height=\"222\" \/><\/a><\/p>\n<p>The equestrian statue of D. Jos\u00e9 I is a remarkable sculptural work: it was the first equestrian statue made in Portugal and the first sculptural public landmark dedicated to a living person. Pra\u00e7a do Com\u00e9rcio, known as Terreiro do Pa\u00e7o (Royal Yard) prior to the 1755 earthquake, was the location of Portugal\u2019s Royal Palace since the 16th century, when King Manuel transferred the court there from the Castle of S\u00e3o Jorge (St. George). The entire yard was destroyed by the earthquake and\u00a0completely remodeled\u00a0during the Pombaline Era, a Portuguese architectural style, when its name changed to Pra\u00e7a do Com\u00e9rcio (Commerce Square).<\/p>\n<p><strong>Porto:<\/strong>\u00a0<a href=\"https:\/\/u7061146.ct.sendgrid.net\/ls\/click?upn=4tNED-2FM8iDZJQyQ53jATUXal4u-2FRwOrv-2BaPGsBm06mTUac2kda0TYHt4-2FurnVTAlVujmk2Ppjj1ocoVDeB4pLFR-2Bl9UwLGW09qeIH-2BaJJKw-3DLL2k_WB9KxN9YT20BMzPVmbVwyrXougJ6j3r5V6Bpvlhxze6cmFiHM-2BWVsxehcopcCr-2FBDxHkW0P7YQeFX-2FOF-2BBZ-2Bzlbhlg16S8doH9fjCKT5Dnk4ZNphvOHPrCXDokHTqdPSa74IjBbtHo8rroZdTiGWlK4wsX8AYwyiU7RzbQIwLOzckLUf7tcZJ1Km4DTqml5NpsRRpbAkQHwyRZFeUiShGryl-2F-2BlNw7ycDH3rvAjuNrTmdOLYMvxPRCYPkHAWQa-2FIMj3X0O08tvmP9cNox9k-2BfRFD6e1ZVPNlZb2qLoDcgRo8BdVhxrWFDwZg0iif3-2FMxytNwu-2FnH9s7OfdALJ9LF66r6XwFkcw8Pjum8SO0zMsI-3D\">Pal\u00e1cio da Bolsa<\/a>\u00a0(Stock Exchange Palace) is built on the ruins of the Saint Francis Convent, and known for welcoming Monarchs, Presidents, and Ministers from almost every country. The palace was built in the 19th century by the city&#8217;s Commercial Association and is known for its Neoclassical style.<\/p>\n<p><img loading=\"lazy\" decoding=\"async\" class=\"alignnone  wp-image-999\" src=\"https:\/\/perfecttraveltoday.com\/wp-content\/uploads\/2021\/07\/palacio2-300x168.jpg\" alt=\"\" width=\"370\" height=\"207\" \/><\/p>\n<p><strong>Alentejo:<\/strong>\u00a0the iconic\u00a0<a href=\"https:\/\/u7061146.ct.sendgrid.net\/ls\/click?upn=TeZUXWpUv-2B6TCY38pVLo9gVlopVQEMK4uG334girwqjqqPoCZTSur2VIgxmlz4iagX8kfYx-2FH2t6bBFFubIN-2FA-3D-3DApB1_WB9KxN9YT20BMzPVmbVwyrXougJ6j3r5V6Bpvlhxze6cmFiHM-2BWVsxehcopcCr-2FBDxHkW0P7YQeFX-2FOF-2BBZ-2Bzlbhlg16S8doH9fjCKT5Dnk4ZNphvOHPrCXDokHTqdPSa74IjBbtHo8rroZdTiGWlK4wsX8AYwyiU7RzbQIwLOzckLUf7tcZJ1Km4DTqml5NpsRRpbAkQHwyRZFeUiShGtxqCI0dXiOEWGb20f6E2epeo-2BmhWPKB-2BNe6pRpjtHBgt9ziE0LtzaiUNzMxeDRPOBvUrqSx3raEIDirOMfl6KojM77PQKf3H2VfTFIBREbC7-2F-2FOzCU3pebbApwClLVIMZ-2BTS50Hh-2B4aazAAS84II8M-3D\">Castle of Marv\u00e3o<\/a><u>,<\/u>\u00a0about 2h40min drive from Lisbon and close to the border with Spain, is known for its well-preserved\u00a0medieval style and high walls, that form a fortress around the Marv\u00e3o village. The castle is\u00a0on one of the highest points in the Serra de S\u00e3o Mamede and the village has the typical whitewashed houses from Alentejo.<\/p>\n<p><strong>Azores:<\/strong>\u00a0Portas da Cidade (City Gates), in\u00a0<a href=\"https:\/\/u7061146.ct.sendgrid.net\/ls\/click?upn=4tNED-2FM8iDZJQyQ53jATUXal4u-2FRwOrv-2BaPGsBm06mQc1cDFyX9FXLyChtYbEZoEgsM1bIoULVidhWyQaEeoZ4UtdibVJ4FhGJpZsvpSliYNiw17sa56-2BPRcxvT-2FY-2F55kmE-_WB9KxN9YT20BMzPVmbVwyrXougJ6j3r5V6Bpvlhxze6cmFiHM-2BWVsxehcopcCr-2FBDxHkW0P7YQeFX-2FOF-2BBZ-2Bzlbhlg16S8doH9fjCKT5Dnk4ZNphvOHPrCXDokHTqdPSa74IjBbtHo8rroZdTiGWlK4wsX8AYwyiU7RzbQIwLOzckLUf7tcZJ1Km4DTqml5NpsRRpbAkQHwyRZFeUiShGuGvLkGCeyyBrK3hzgt9uRxtOliaMknGfsaCzZ866EZMP3uSE8wviErc7gmDL0DpvN45wQ7t3i9oMNbGKNO7Ikox6sL4J-2Fp8o02Zm-2BGUtzfHGhridBwmuOKohtSEMAjcwe4b3r62BzNZle3uenhSX-2B0-3D\">Ponta Delgada<\/a><u>,<\/u><a href=\"https:\/\/u7061146.ct.sendgrid.net\/ls\/click?upn=4tNED-2FM8iDZJQyQ53jATUXal4u-2FRwOrv-2BaPGsBm06mRqNboJ0PXXYHIWK96RgOn-2F7b91J3pznXlHTxBmBlkgug-3D-3DbPGQ_WB9KxN9YT20BMzPVmbVwyrXougJ6j3r5V6Bpvlhxze6cmFiHM-2BWVsxehcopcCr-2FBDxHkW0P7YQeFX-2FOF-2BBZ-2Bzlbhlg16S8doH9fjCKT5Dnk4ZNphvOHPrCXDokHTqdPSa74IjBbtHo8rroZdTiGWlK4wsX8AYwyiU7RzbQIwLOzckLUf7tcZJ1Km4DTqml5NpsRRpbAkQHwyRZFeUiShGoHkhvxsCnd3uwVN4Gpyi-2Fcm-2BMFHDkM0Ixwz1-2BqaRdXvBtmmPdaPS1GhVVabjENCPWhQ6p3M3uLPKlD03ousPgzFILDgVp0sxU-2F3ryvOrzJe0WVNqR0U9-2FcLpkyFN4RCtf4t3NA9BIofdhcBPdQrAFI-3D\">\u00a0S\u00e3o Miguel Island,<\/a>\u00a0are the perfect starting point for exploring the city. They are quickly identified by their three arches that link the sea front area and the Pra\u00e7a da Rep\u00fablica. The typical architecture emphasizes the contrast between the white walls and the basalt details.<\/p>\n<p><a href=\"https:\/\/perfecttraveltoday.com\/wp-content\/uploads\/2021\/07\/port5.jpg\"><img loading=\"lazy\" decoding=\"async\" class=\"alignnone  wp-image-1001\" src=\"https:\/\/perfecttraveltoday.com\/wp-content\/uploads\/2021\/07\/port5.jpg\" alt=\"\" width=\"355\" height=\"236\" \/><\/a><\/p>\n<p><strong>Cascais:<\/strong>\u00a0<a href=\"https:\/\/u7061146.ct.sendgrid.net\/ls\/click?upn=4tNED-2FM8iDZJQyQ53jATUXal4u-2FRwOrv-2BaPGsBm06mQc1cDFyX9FXLyChtYbEZoE4P93sWKSoQvTNG5fU1rngiMvLTbCR1YfCb4LQ73r5L9jaN4aS-2Bpz0yUIQVLiEtdj3cvX_WB9KxN9YT20BMzPVmbVwyrXougJ6j3r5V6Bpvlhxze6cmFiHM-2BWVsxehcopcCr-2FBDxHkW0P7YQeFX-2FOF-2BBZ-2Bzlbhlg16S8doH9fjCKT5Dnk4ZNphvOHPrCXDokHTqdPSa74IjBbtHo8rroZdTiGWlK4wsX8AYwyiU7RzbQIwLOzckLUf7tcZJ1Km4DTqml5NpsRRpbAkQHwyRZFeUiShGpc6MQSdwfiRjJZtNp8h12yXDVvb30u5TkapYwm5zhusJOv9evYrt7K-2BFfr4b6b4DTLm-2FBWMgPaUIncmrQ-2BeywR9ilO5LF7SpRL3TM8hSCQre16lBgVWazPbNWZiWYsK0cw2ggmRnnBGKXrXXKkQ-2BAg-3D\">Museum Condes de Castro Guimar\u00e3es<\/a><u>,<\/u>\u00a0was built in 1900 by Jorge O\u2019Neill. The Museum is a classic example of \u201csummer architecture,\u201d inviting visitors to enter the wonder of this 19<sup>th<\/sup>century revival of the era of romance. It is also home to a collection of significant national and international paintings, furniture, porcelain, and jewelry.<\/p>\n<p><strong>Lamego:<\/strong>\u00a0<a href=\"https:\/\/u7061146.ct.sendgrid.net\/ls\/click?upn=4tNED-2FM8iDZJQyQ53jATUXal4u-2FRwOrv-2BaPGsBm06mQlD5pWxOK-2FA3YjIlpeUrJgoMifAAKfz7Dk06FvIF3rmA-3D-3DJwyj_WB9KxN9YT20BMzPVmbVwyrXougJ6j3r5V6Bpvlhxze6cmFiHM-2BWVsxehcopcCr-2FBDxHkW0P7YQeFX-2FOF-2BBZ-2Bzlbhlg16S8doH9fjCKT5Dnk4ZNphvOHPrCXDokHTqdPSa74IjBbtHo8rroZdTiGWlK4wsX8AYwyiU7RzbQIwLOzckLUf7tcZJ1Km4DTqml5NpsRRpbAkQHwyRZFeUiShGoSa0zoB0ST4j4GZnjtFjj03q-2FHDludBwhTTuzHucyoCO8c4tz1SCaOVBQYYoQxAWsQXuN24HCOLXF9uJqBOXPqQZUtqaM4GyFccDQWF-2Fsvzm-2BpAEisySZMblK-2FehRUjKsLxN0tRY4em0x-2FVbbRIzJI-3D\">Nossa Senhora dos Rem\u00e9dios Sanctuary<\/a>\u00a0was built between the 18th and 20th centuries and is still a Marian shrine visited by pilgrims from all over the country to honor Our Lady of Remedies. The monumental Baroque staircase (with 686 steps) that gives access to the Sanctuary is divided over several levels and the interior is decorated in Rocaille style and entirely dedicated to Marian iconography.<\/p>\n<p><strong>Montalegre, Vila Real:<\/strong>\u00a0the medieval\u00a0<a href=\"https:\/\/u7061146.ct.sendgrid.net\/ls\/click?upn=4tNED-2FM8iDZJQyQ53jATUXal4u-2FRwOrv-2BaPGsBm06mQc1cDFyX9FXLyChtYbEZoEP1mS-2FVmnhgvc1o0OkKvNEzoCiY6Q7ERtAZ8ch1jbTjjoD-2BSQvhNj0-2BAleIqNHUN7ffCk_WB9KxN9YT20BMzPVmbVwyrXougJ6j3r5V6Bpvlhxze6cmFiHM-2BWVsxehcopcCr-2FBDxHkW0P7YQeFX-2FOF-2BBZ-2Bzlbhlg16S8doH9fjCKT5Dnk4ZNphvOHPrCXDokHTqdPSa74IjBbtHo8rroZdTiGWlK4wsX8AYwyiU7RzbQIwLOzckLUf7tcZJ1Km4DTqml5NpsRRpbAkQHwyRZFeUiShGjZMwodZrHVeanKKUTHnmxS-2FFHlJlHpNRi8YDxjE-2F4zBYp1MS1qyFp-2BOr6yoey8gZLUhhxFjhJFf5-2BZ9ItbiLei2lCYMN8qHEi-2B-2FaPv-2BrXhvaFughpHFjOpxoFPXB3i25lXWtzR5rxbMTcKjDglVB0c-3D\">Castle of Montalegre<\/a>\u00a0stands on a colossal rock, a sign of its strategic military importance over the centuries.<\/p>\n<p><a href=\"https:\/\/perfecttraveltoday.com\/wp-content\/uploads\/2021\/07\/castle.jpg\"><img loading=\"lazy\" decoding=\"async\" class=\"alignnone  wp-image-1002\" src=\"https:\/\/perfecttraveltoday.com\/wp-content\/uploads\/2021\/07\/castle-300x192.jpg\" alt=\"\" width=\"392\" height=\"251\" srcset=\"https:\/\/perfecttraveltoday.com\/wp-content\/uploads\/2021\/07\/castle-300x192.jpg 300w, https:\/\/perfecttraveltoday.com\/wp-content\/uploads\/2021\/07\/castle-700x447.jpg 700w, https:\/\/perfecttraveltoday.com\/wp-content\/uploads\/2021\/07\/castle.jpg 720w\" sizes=\"auto, (max-width: 392px) 100vw, 392px\" \/><\/a><\/p>\n<p><strong>Soajo, Peneda-Ger\u00eas National Park:<\/strong>\u00a0<a href=\"https:\/\/u7061146.ct.sendgrid.net\/ls\/click?upn=4tNED-2FM8iDZJQyQ53jATUXal4u-2FRwOrv-2BaPGsBm06mQc1cDFyX9FXLyChtYbEZoElPt0sKC0cNLfkcECu4JOAtMxnCvkx-2B12XrwH1gPEg3UBjFbM5hVLsFW-2BLH17VkUj4dBc_WB9KxN9YT20BMzPVmbVwyrXougJ6j3r5V6Bpvlhxze6cmFiHM-2BWVsxehcopcCr-2FBDxHkW0P7YQeFX-2FOF-2BBZ-2Bzlbhlg16S8doH9fjCKT5Dnk4ZNphvOHPrCXDokHTqdPSa74IjBbtHo8rroZdTiGWlK4wsX8AYwyiU7RzbQIwLOzckLUf7tcZJ1Km4DTqml5NpsRRpbAkQHwyRZFeUiShGtv4PRNHtnvHPterLHgAdVCW-2BesdGMHm6Os2BEtou1fiV-2FcC1vsoLHbgi7KltgmI7myIfCcBcXVJ6hKnrsqJ3Wkdd8nEmxAe2nKaack1Wb9199ncIlGD7SKGpBm-2B7-2BZuQ-2Fy6lgmANUTov8RXg5O4XO0-3D\">Espigueiros do Soajo<\/a>\u00a0(Granaries of Soajo), located in the village of Soajo, are an impressive group of twenty-four stone espigueiros (granaries), with architectural features from the 18<sup>th<\/sup>and 19<sup>th<\/sup>centuries, and used by the community to store corn, which is abundant in the region. The crosses at the top of the granaries represent the divine protection of its content.<\/p>\n<p><a href=\"https:\/\/perfecttraveltoday.com\/wp-content\/uploads\/2021\/07\/parque-nacional-peneda.jpg\"><img loading=\"lazy\" decoding=\"async\" class=\"alignnone  wp-image-1003\" src=\"https:\/\/perfecttraveltoday.com\/wp-content\/uploads\/2021\/07\/parque-nacional-peneda-300x225.jpg\" alt=\"\" width=\"392\" height=\"294\" srcset=\"https:\/\/perfecttraveltoday.com\/wp-content\/uploads\/2021\/07\/parque-nacional-peneda-300x225.jpg 300w, https:\/\/perfecttraveltoday.com\/wp-content\/uploads\/2021\/07\/parque-nacional-peneda.jpg 550w\" sizes=\"auto, (max-width: 392px) 100vw, 392px\" \/><\/a><\/td>\n<\/tr>\n<\/tbody>\n<\/table>\n","protected":false},"excerpt":{"rendered":"<p>New York, NY \u2013 July 4, 2021\u00a0\u2013 After 15 months, Portugal is once again open to visitors from US and, this weekend, the country is celebrating their return along with the July 4 Independence Day holiday by lighting eight of its historic landmarks in red, white and blue:Lisbon:\u00a0the statue of D. Jos\u00e9 I, located in\u00a0Pra\u00e7a<\/p>\n","protected":false},"author":4,"featured_media":1000,"comment_status":"closed","ping_status":"closed","sticky":false,"template":"","format":"standard","meta":{"_monsterinsights_skip_tracking":false,"_monsterinsights_sitenote_active":false,"_monsterinsights_sitenote_note":"","_monsterinsights_sitenote_category":0,"footnotes":""},"categories":[1],"tags":[],"class_list":["post-996","post","type-post","status-publish","format-standard","has-post-thumbnail","hentry","category-uncategorized","resize-featured-image"],"yoast_head":"<!-- This site is optimized with the Yoast SEO plugin v27.4 - https:\/\/yoast.com\/product\/yoast-seo-wordpress\/ -->\n<title>PORTUGAL CELEBRATES WELCOMING BACK TRAVELERS FROM THE U.S. WITH 4TH OF JULY LIGHTING OF HISTORIC LANDMARKS IN RED, WHITE AND BLUE - Perfect Travel Today<\/title>\n<meta name=\"robots\" content=\"index, follow, max-snippet:-1, max-image-preview:large, max-video-preview:-1\" \/>\n<link rel=\"canonical\" href=\"https:\/\/perfecttraveltoday.com\/?p=996\" \/>\n<meta property=\"og:locale\" content=\"en_US\" \/>\n<meta property=\"og:type\" content=\"article\" \/>\n<meta property=\"og:title\" content=\"PORTUGAL CELEBRATES WELCOMING BACK TRAVELERS FROM THE U.S. WITH 4TH OF JULY LIGHTING OF HISTORIC LANDMARKS IN RED, WHITE AND BLUE - Perfect Travel Today\" \/>\n<meta property=\"og:description\" content=\"New York, NY \u2013 July 4, 2021\u00a0\u2013 After 15 months, Portugal is once again open to visitors from US and, this weekend, the country is celebrating their return along with the July 4 Independence Day holiday by lighting eight of its historic landmarks in red, white and blue:Lisbon:\u00a0the statue of D. Jos\u00e9 I, located in\u00a0Pra\u00e7a\" \/>\n<meta property=\"og:url\" content=\"https:\/\/perfecttraveltoday.com\/?p=996\" \/>\n<meta property=\"og:site_name\" content=\"Perfect Travel Today\" \/>\n<meta property=\"article:published_time\" content=\"2021-07-06T21:19:15+00:00\" \/>\n<meta property=\"article:modified_time\" content=\"2026-03-19T22:32:56+00:00\" \/>\n<meta property=\"og:image\" content=\"https:\/\/perfecttraveltoday.com\/wp-content\/uploads\/2021\/07\/praca1.jpg\" \/>\n\t<meta property=\"og:image:width\" content=\"300\" \/>\n\t<meta property=\"og:image:height\" content=\"168\" \/>\n\t<meta property=\"og:image:type\" content=\"image\/jpeg\" \/>\n<meta name=\"author\" content=\"Cheri Fox\" \/>\n<meta name=\"twitter:card\" content=\"summary_large_image\" \/>\n<meta name=\"twitter:label1\" content=\"Written by\" \/>\n\t<meta name=\"twitter:data1\" content=\"Cheri Fox\" \/>\n\t<meta name=\"twitter:label2\" content=\"Est. reading time\" \/>\n\t<meta name=\"twitter:data2\" content=\"4 minutes\" \/>\n<script type=\"application\/ld+json\" class=\"yoast-schema-graph\">{\"@context\":\"https:\\\/\\\/schema.org\",\"@graph\":[{\"@type\":\"Article\",\"@id\":\"https:\\\/\\\/perfecttraveltoday.com\\\/?p=996#article\",\"isPartOf\":{\"@id\":\"https:\\\/\\\/perfecttraveltoday.com\\\/?p=996\"},\"author\":{\"name\":\"Cheri Fox\",\"@id\":\"https:\\\/\\\/perfecttraveltoday.com\\\/#\\\/schema\\\/person\\\/302849a9340dbf8ebee6ab51f400ec3f\"},\"headline\":\"PORTUGAL CELEBRATES WELCOMING BACK TRAVELERS FROM THE U.S. WITH 4TH OF JULY LIGHTING OF HISTORIC LANDMARKS IN RED, WHITE AND BLUE\",\"datePublished\":\"2021-07-06T21:19:15+00:00\",\"dateModified\":\"2026-03-19T22:32:56+00:00\",\"mainEntityOfPage\":{\"@id\":\"https:\\\/\\\/perfecttraveltoday.com\\\/?p=996\"},\"wordCount\":571,\"image\":{\"@id\":\"https:\\\/\\\/perfecttraveltoday.com\\\/?p=996#primaryimage\"},\"thumbnailUrl\":\"https:\\\/\\\/perfecttraveltoday.com\\\/wp-content\\\/uploads\\\/2021\\\/07\\\/praca1.jpg\",\"inLanguage\":\"en-US\"},{\"@type\":\"WebPage\",\"@id\":\"https:\\\/\\\/perfecttraveltoday.com\\\/?p=996\",\"url\":\"https:\\\/\\\/perfecttraveltoday.com\\\/?p=996\",\"name\":\"PORTUGAL CELEBRATES WELCOMING BACK TRAVELERS FROM THE U.S. WITH 4TH OF JULY LIGHTING OF HISTORIC LANDMARKS IN RED, WHITE AND BLUE - Perfect Travel Today\",\"isPartOf\":{\"@id\":\"https:\\\/\\\/perfecttraveltoday.com\\\/#website\"},\"primaryImageOfPage\":{\"@id\":\"https:\\\/\\\/perfecttraveltoday.com\\\/?p=996#primaryimage\"},\"image\":{\"@id\":\"https:\\\/\\\/perfecttraveltoday.com\\\/?p=996#primaryimage\"},\"thumbnailUrl\":\"https:\\\/\\\/perfecttraveltoday.com\\\/wp-content\\\/uploads\\\/2021\\\/07\\\/praca1.jpg\",\"datePublished\":\"2021-07-06T21:19:15+00:00\",\"dateModified\":\"2026-03-19T22:32:56+00:00\",\"author\":{\"@id\":\"https:\\\/\\\/perfecttraveltoday.com\\\/#\\\/schema\\\/person\\\/302849a9340dbf8ebee6ab51f400ec3f\"},\"breadcrumb\":{\"@id\":\"https:\\\/\\\/perfecttraveltoday.com\\\/?p=996#breadcrumb\"},\"inLanguage\":\"en-US\",\"potentialAction\":[{\"@type\":\"ReadAction\",\"target\":[\"https:\\\/\\\/perfecttraveltoday.com\\\/?p=996\"]}]},{\"@type\":\"ImageObject\",\"inLanguage\":\"en-US\",\"@id\":\"https:\\\/\\\/perfecttraveltoday.com\\\/?p=996#primaryimage\",\"url\":\"https:\\\/\\\/perfecttraveltoday.com\\\/wp-content\\\/uploads\\\/2021\\\/07\\\/praca1.jpg\",\"contentUrl\":\"https:\\\/\\\/perfecttraveltoday.com\\\/wp-content\\\/uploads\\\/2021\\\/07\\\/praca1.jpg\",\"width\":300,\"height\":168},{\"@type\":\"BreadcrumbList\",\"@id\":\"https:\\\/\\\/perfecttraveltoday.com\\\/?p=996#breadcrumb\",\"itemListElement\":[{\"@type\":\"ListItem\",\"position\":1,\"name\":\"Home\",\"item\":\"https:\\\/\\\/perfecttraveltoday.com\\\/\"},{\"@type\":\"ListItem\",\"position\":2,\"name\":\"PORTUGAL CELEBRATES WELCOMING BACK TRAVELERS FROM THE U.S. WITH 4TH OF JULY LIGHTING OF HISTORIC LANDMARKS IN RED, WHITE AND BLUE\"}]},{\"@type\":\"WebSite\",\"@id\":\"https:\\\/\\\/perfecttraveltoday.com\\\/#website\",\"url\":\"https:\\\/\\\/perfecttraveltoday.com\\\/\",\"name\":\"Perfect Travel Today\",\"description\":\"Travel In Style Domestic and International Destinations\",\"potentialAction\":[{\"@type\":\"SearchAction\",\"target\":{\"@type\":\"EntryPoint\",\"urlTemplate\":\"https:\\\/\\\/perfecttraveltoday.com\\\/?s={search_term_string}\"},\"query-input\":{\"@type\":\"PropertyValueSpecification\",\"valueRequired\":true,\"valueName\":\"search_term_string\"}}],\"inLanguage\":\"en-US\"},{\"@type\":\"Person\",\"@id\":\"https:\\\/\\\/perfecttraveltoday.com\\\/#\\\/schema\\\/person\\\/302849a9340dbf8ebee6ab51f400ec3f\",\"name\":\"Cheri Fox\",\"image\":{\"@type\":\"ImageObject\",\"inLanguage\":\"en-US\",\"@id\":\"https:\\\/\\\/secure.gravatar.com\\\/avatar\\\/d8cd5db6ca692d34286a02834a8a1ea04a3f50ec3ce2c70f8ccf91c4ac9335d9?s=96&r=g\",\"url\":\"https:\\\/\\\/secure.gravatar.com\\\/avatar\\\/d8cd5db6ca692d34286a02834a8a1ea04a3f50ec3ce2c70f8ccf91c4ac9335d9?s=96&r=g\",\"contentUrl\":\"https:\\\/\\\/secure.gravatar.com\\\/avatar\\\/d8cd5db6ca692d34286a02834a8a1ea04a3f50ec3ce2c70f8ccf91c4ac9335d9?s=96&r=g\",\"caption\":\"Cheri Fox\"},\"url\":\"https:\\\/\\\/perfecttraveltoday.com\\\/?author=4\"}]}<\/script>\n<!-- \/ Yoast SEO plugin. -->","yoast_head_json":{"title":"PORTUGAL CELEBRATES WELCOMING BACK TRAVELERS FROM THE U.S. WITH 4TH OF JULY LIGHTING OF HISTORIC LANDMARKS IN RED, WHITE AND BLUE - Perfect Travel Today","robots":{"index":"index","follow":"follow","max-snippet":"max-snippet:-1","max-image-preview":"max-image-preview:large","max-video-preview":"max-video-preview:-1"},"canonical":"https:\/\/perfecttraveltoday.com\/?p=996","og_locale":"en_US","og_type":"article","og_title":"PORTUGAL CELEBRATES WELCOMING BACK TRAVELERS FROM THE U.S. WITH 4TH OF JULY LIGHTING OF HISTORIC LANDMARKS IN RED, WHITE AND BLUE - Perfect Travel Today","og_description":"New York, NY \u2013 July 4, 2021\u00a0\u2013 After 15 months, Portugal is once again open to visitors from US and, this weekend, the country is celebrating their return along with the July 4 Independence Day holiday by lighting eight of its historic landmarks in red, white and blue:Lisbon:\u00a0the statue of D. Jos\u00e9 I, located in\u00a0Pra\u00e7a","og_url":"https:\/\/perfecttraveltoday.com\/?p=996","og_site_name":"Perfect Travel Today","article_published_time":"2021-07-06T21:19:15+00:00","article_modified_time":"2026-03-19T22:32:56+00:00","og_image":[{"width":300,"height":168,"url":"https:\/\/perfecttraveltoday.com\/wp-content\/uploads\/2021\/07\/praca1.jpg","type":"image\/jpeg"}],"author":"Cheri Fox","twitter_card":"summary_large_image","twitter_misc":{"Written by":"Cheri Fox","Est. reading time":"4 minutes"},"schema":{"@context":"https:\/\/schema.org","@graph":[{"@type":"Article","@id":"https:\/\/perfecttraveltoday.com\/?p=996#article","isPartOf":{"@id":"https:\/\/perfecttraveltoday.com\/?p=996"},"author":{"name":"Cheri Fox","@id":"https:\/\/perfecttraveltoday.com\/#\/schema\/person\/302849a9340dbf8ebee6ab51f400ec3f"},"headline":"PORTUGAL CELEBRATES WELCOMING BACK TRAVELERS FROM THE U.S. WITH 4TH OF JULY LIGHTING OF HISTORIC LANDMARKS IN RED, WHITE AND BLUE","datePublished":"2021-07-06T21:19:15+00:00","dateModified":"2026-03-19T22:32:56+00:00","mainEntityOfPage":{"@id":"https:\/\/perfecttraveltoday.com\/?p=996"},"wordCount":571,"image":{"@id":"https:\/\/perfecttraveltoday.com\/?p=996#primaryimage"},"thumbnailUrl":"https:\/\/perfecttraveltoday.com\/wp-content\/uploads\/2021\/07\/praca1.jpg","inLanguage":"en-US"},{"@type":"WebPage","@id":"https:\/\/perfecttraveltoday.com\/?p=996","url":"https:\/\/perfecttraveltoday.com\/?p=996","name":"PORTUGAL CELEBRATES WELCOMING BACK TRAVELERS FROM THE U.S. WITH 4TH OF JULY LIGHTING OF HISTORIC LANDMARKS IN RED, WHITE AND BLUE - Perfect Travel Today","isPartOf":{"@id":"https:\/\/perfecttraveltoday.com\/#website"},"primaryImageOfPage":{"@id":"https:\/\/perfecttraveltoday.com\/?p=996#primaryimage"},"image":{"@id":"https:\/\/perfecttraveltoday.com\/?p=996#primaryimage"},"thumbnailUrl":"https:\/\/perfecttraveltoday.com\/wp-content\/uploads\/2021\/07\/praca1.jpg","datePublished":"2021-07-06T21:19:15+00:00","dateModified":"2026-03-19T22:32:56+00:00","author":{"@id":"https:\/\/perfecttraveltoday.com\/#\/schema\/person\/302849a9340dbf8ebee6ab51f400ec3f"},"breadcrumb":{"@id":"https:\/\/perfecttraveltoday.com\/?p=996#breadcrumb"},"inLanguage":"en-US","potentialAction":[{"@type":"ReadAction","target":["https:\/\/perfecttraveltoday.com\/?p=996"]}]},{"@type":"ImageObject","inLanguage":"en-US","@id":"https:\/\/perfecttraveltoday.com\/?p=996#primaryimage","url":"https:\/\/perfecttraveltoday.com\/wp-content\/uploads\/2021\/07\/praca1.jpg","contentUrl":"https:\/\/perfecttraveltoday.com\/wp-content\/uploads\/2021\/07\/praca1.jpg","width":300,"height":168},{"@type":"BreadcrumbList","@id":"https:\/\/perfecttraveltoday.com\/?p=996#breadcrumb","itemListElement":[{"@type":"ListItem","position":1,"name":"Home","item":"https:\/\/perfecttraveltoday.com\/"},{"@type":"ListItem","position":2,"name":"PORTUGAL CELEBRATES WELCOMING BACK TRAVELERS FROM THE U.S. WITH 4TH OF JULY LIGHTING OF HISTORIC LANDMARKS IN RED, WHITE AND BLUE"}]},{"@type":"WebSite","@id":"https:\/\/perfecttraveltoday.com\/#website","url":"https:\/\/perfecttraveltoday.com\/","name":"Perfect Travel Today","description":"Travel In Style Domestic and International Destinations","potentialAction":[{"@type":"SearchAction","target":{"@type":"EntryPoint","urlTemplate":"https:\/\/perfecttraveltoday.com\/?s={search_term_string}"},"query-input":{"@type":"PropertyValueSpecification","valueRequired":true,"valueName":"search_term_string"}}],"inLanguage":"en-US"},{"@type":"Person","@id":"https:\/\/perfecttraveltoday.com\/#\/schema\/person\/302849a9340dbf8ebee6ab51f400ec3f","name":"Cheri Fox","image":{"@type":"ImageObject","inLanguage":"en-US","@id":"https:\/\/secure.gravatar.com\/avatar\/d8cd5db6ca692d34286a02834a8a1ea04a3f50ec3ce2c70f8ccf91c4ac9335d9?s=96&r=g","url":"https:\/\/secure.gravatar.com\/avatar\/d8cd5db6ca692d34286a02834a8a1ea04a3f50ec3ce2c70f8ccf91c4ac9335d9?s=96&r=g","contentUrl":"https:\/\/secure.gravatar.com\/avatar\/d8cd5db6ca692d34286a02834a8a1ea04a3f50ec3ce2c70f8ccf91c4ac9335d9?s=96&r=g","caption":"Cheri Fox"},"url":"https:\/\/perfecttraveltoday.com\/?author=4"}]}},"_links":{"self":[{"href":"https:\/\/perfecttraveltoday.com\/index.php?rest_route=\/wp\/v2\/posts\/996","targetHints":{"allow":["GET"]}}],"collection":[{"href":"https:\/\/perfecttraveltoday.com\/index.php?rest_route=\/wp\/v2\/posts"}],"about":[{"href":"https:\/\/perfecttraveltoday.com\/index.php?rest_route=\/wp\/v2\/types\/post"}],"author":[{"embeddable":true,"href":"https:\/\/perfecttraveltoday.com\/index.php?rest_route=\/wp\/v2\/users\/4"}],"replies":[{"embeddable":true,"href":"https:\/\/perfecttraveltoday.com\/index.php?rest_route=%2Fwp%2Fv2%2Fcomments&post=996"}],"version-history":[{"count":4,"href":"https:\/\/perfecttraveltoday.com\/index.php?rest_route=\/wp\/v2\/posts\/996\/revisions"}],"predecessor-version":[{"id":1191,"href":"https:\/\/perfecttraveltoday.com\/index.php?rest_route=\/wp\/v2\/posts\/996\/revisions\/1191"}],"wp:featuredmedia":[{"embeddable":true,"href":"https:\/\/perfecttraveltoday.com\/index.php?rest_route=\/wp\/v2\/media\/1000"}],"wp:attachment":[{"href":"https:\/\/perfecttraveltoday.com\/index.php?rest_route=%2Fwp%2Fv2%2Fmedia&parent=996"}],"wp:term":[{"taxonomy":"category","embeddable":true,"href":"https:\/\/perfecttraveltoday.com\/index.php?rest_route=%2Fwp%2Fv2%2Fcategories&post=996"},{"taxonomy":"post_tag","embeddable":true,"href":"https:\/\/perfecttraveltoday.com\/index.php?rest_route=%2Fwp%2Fv2%2Ftags&post=996"}],"curies":[{"name":"wp","href":"https:\/\/api.w.org\/{rel}","templated":true}]}}